{"id":48413,"date":"2026-03-31T01:00:00","date_gmt":"2026-03-30T23:00:00","guid":{"rendered":"https:\/\/www.snowtrex.de\/magazin\/?p=48413"},"modified":"2026-03-31T12:00:44","modified_gmt":"2026-03-31T10:00:44","slug":"coppa-del-mondo-di-biathlon","status":"publish","type":"post","link":"https:\/\/www.snowtrex.it\/magazine\/evento\/coppa-del-mondo-di-biathlon\/","title":{"rendered":"Coppa del Mondo di biathlon 2026\/2027: Tutte le gare in sintesi"},"content":{"rendered":"<p><strong>Ogni anno gli appassionati di sport invernali seguono con grande interesse le gare della \u201cCoppa del Mondo IBU di biathlon\u201d, in cui si sfidano i migliori atleti di questa disciplina. In tutto il mondo gli appassionati di biathlon seguono con trepidazione gli atleti mentre dimostrano la loro abilit\u00e0 nello sci di fondo e nel tiro con armi di piccolo calibro. Nella scorsa stagione, Eric Perrot e Lou Jeanmonnot dalla Francia hanno ottenuto i migliori risultati. <a href=\"https:\/\/www.snowtrex.it\/\" target=\"_blank\" rel=\"noopener\">SnowTrex<\/a> ha fatto delle ricerche e presenta le gare di Coppa del Mondo della stagione 2026\/2027.<\/strong><\/p>\n<div class=\"tt-post-image-wrapper tt-post-image-wrapper-full\">\n            <div class=\"tt-image-copyright-container\">\n                <a href=\"https:\/\/www.snowtrex.it\/magazine\/files\/2023\/07\/RS27176_shutterstock_2262860651-hsc.jpg\" target=\"_blank\" rel=\"noopener\"><img loading=\"lazy\" decoding=\"async\" data-wrapped=\"true\" class=\"wp-image-59450 size-Artikelbild_gro\u00df\" title=\"In tutte le gare della Coppa del Mondo di biathlon 2026\/27, ogni atleta dovr\u00e0 sia percorrere la pista di sci di fondo sia centrare il bersaglio al poligono di tiro.\" src=\"https:\/\/www.snowtrex.it\/magazine\/files\/2023\/07\/RS27176_shutterstock_2262860651-hsc-729x486.jpg\" alt=\"In tutte le gare della Coppa del Mondo di biathlon 2026\/27, ogni atleta dovr\u00e0 sia percorrere la pista di sci di fondo sia centrare il bersaglio al poligono di tiro.\" width=\"729\" height=\"486\" srcset=\"https:\/\/www.snowtrex.it\/magazine\/files\/2023\/07\/RS27176_shutterstock_2262860651-hsc-729x486.jpg 729w, https:\/\/www.snowtrex.it\/magazine\/files\/2023\/07\/RS27176_shutterstock_2262860651-hsc-290x193.jpg 290w, https:\/\/www.snowtrex.it\/magazine\/files\/2023\/07\/RS27176_shutterstock_2262860651-hsc-728x485.jpg 728w, https:\/\/www.snowtrex.it\/magazine\/files\/2023\/07\/RS27176_shutterstock_2262860651-hsc-768x512.jpg 768w, https:\/\/www.snowtrex.it\/magazine\/files\/2023\/07\/RS27176_shutterstock_2262860651-hsc-1536x1024.jpg 1536w, https:\/\/www.snowtrex.it\/magazine\/files\/2023\/07\/RS27176_shutterstock_2262860651-hsc-468x312.jpg 468w, https:\/\/www.snowtrex.it\/magazine\/files\/2023\/07\/RS27176_shutterstock_2262860651-hsc-300x200.jpg 300w, https:\/\/www.snowtrex.it\/magazine\/files\/2023\/07\/RS27176_shutterstock_2262860651-hsc-999x666.jpg 999w, https:\/\/www.snowtrex.it\/magazine\/files\/2023\/07\/RS27176_shutterstock_2262860651-hsc-645x430.jpg 645w, https:\/\/www.snowtrex.it\/magazine\/files\/2023\/07\/RS27176_shutterstock_2262860651-hsc-552x368.jpg 552w, https:\/\/www.snowtrex.it\/magazine\/files\/2023\/07\/RS27176_shutterstock_2262860651-hsc-405x270.jpg 405w, https:\/\/www.snowtrex.it\/magazine\/files\/2023\/07\/RS27176_shutterstock_2262860651-hsc-336x224.jpg 336w, https:\/\/www.snowtrex.it\/magazine\/files\/2023\/07\/RS27176_shutterstock_2262860651-hsc-276x184.jpg 276w, https:\/\/www.snowtrex.it\/magazine\/files\/2023\/07\/RS27176_shutterstock_2262860651-hsc-234x156.jpg 234w, https:\/\/www.snowtrex.it\/magazine\/files\/2023\/07\/RS27176_shutterstock_2262860651-hsc-192x128.jpg 192w, https:\/\/www.snowtrex.it\/magazine\/files\/2023\/07\/RS27176_shutterstock_2262860651-hsc-120x80.jpg 120w, https:\/\/www.snowtrex.it\/magazine\/files\/2023\/07\/RS27176_shutterstock_2262860651-hsc.jpg 1920w\" sizes=\"(min-width: 1009px) 729px, (min-width: 819px) 594px, (min-width: 569px) 729px, (min-width: 449px) 468px, 348px\" \/><\/a><div class=\"tt-image-copyright\" data-image-id=\"59450\">\u00a9 Pierre Teyssot\/shutterstock.de<\/div>\n            <\/div>\n            <div class=\"tt-post-caption\">In tutte le gare della Coppa del Mondo di biathlon 2026\/27, ogni atleta dovr\u00e0 sia percorrere la pista di sci di fondo sia centrare il bersaglio al poligono di tiro.<\/div>\n         <\/div > \n<div class=\"tt-table-of-content\">\n                <span class=\"tt-icon-circle-up tt-table-of-content-button\"><\/span><\/p>\n<div class=\"tt-table-of-content-caption\">\n                    Indice dei contenuti\n                <\/div>\n<div class=\"tt-table-of-content-body\">\n                    <a href=\"#ecco-la-coppa-del-mondo-di-biathlon\"><span class=\"layer-0\">Ecco la Coppa del Mondo di biathlon<\/span><\/a><a href=\"#una-panoramica-delle-gare-di-coppa-del-mondo-di-biathlon-20262027\"><span class=\"layer-0\">Una panoramica delle gare di Coppa del Mondo di Biathlon 2026\/2027<\/span><\/a><a href=\"#dettagli-sulle-singole-sedi-della-coppa-del-mondo\"><span class=\"layer-0\">Dettagli sulle singole sedi della Coppa del Mondo<\/span><\/a><a href=\"#faq-sulla-coppa-del-mondo-di-biathlon\"><span class=\"layer-0\">FAQ sulla Coppa del Mondo di Biathlon<\/span><\/a>\n                 <\/div>\n<\/p><\/div>\n<hr>\n<h2 id=\"ecco-la-coppa-del-mondo-di-biathlon\">Ecco la Coppa del Mondo di biathlon<\/h2>\n<ul>\n<li><strong>Coppa del Mondo di biathlon 2026\/2027:<\/strong> la competizione vede sfidarsi i migliori atleti al mondo nel sci di fondo e nel tiro.<\/li>\n<li><strong>Inizio della stagione:<\/strong> la stagione prende il via dal 24 al 29 novembre 2026 a Kontiolahti, in Finlandia, con gare individuali, sprint e a staffetta.<\/li>\n<li><strong>Tappe della Coppa del Mondo:<\/strong> per la prima volta, le gare di Coppa del Mondo si svolgeranno in undici localit\u00e0 europee, tra cui Hochfilzen, Ruhpolding, Anterselva e Oslo.<\/li>\n<li><strong>Discipline:<\/strong> il programma comprende sprint, inseguimento, individuale, partenza in massa e diverse gare a staffetta.<\/li>\n<li><strong>Campionati del Mondo 2027:<\/strong> Un momento clou \u00e8 il Campionato del Mondo di biathlon a Otep\u00e4\u00e4, in Estonia, dove si disputeranno tutte le discipline.<\/li>\n<li><strong>Tappe in Germania:<\/strong> Con Ruhpolding a gennaio e Oberhof a marzo, la Germania \u00e8 presente due volte nel calendario.<\/li>\n<li><strong>Finale di stagione:<\/strong> Tradizionalmente, la finale si terr\u00e0 nel marzo 2027 all&#8217;Holmenkollen di Oslo, dove saranno proclamati i vincitori della classifica generale.<\/li>\n<\/ul>\n<h2 id=\"una-panoramica-delle-gare-di-coppa-del-mondo-di-biathlon-20262027\">Una panoramica delle gare di Coppa del Mondo di Biathlon 2026\/2027<\/h2>\n\n<table id=\"tablepress-43\" class=\"tablepress tablepress-id-43\">\n<thead>\n<tr class=\"row-1\">\n\t<th class=\"column-1\"><strong>Data<\/strong><\/th><th class=\"column-2\"><strong>Stazione sciistica<\/strong><\/th><th class=\"column-3\"><strong>Paese<\/strong><\/th><th class=\"column-4\"><strong>Discipline<\/strong><\/th>\n<\/tr>\n<\/thead>\n<tbody class=\"row-striping row-hover\">\n<tr class=\"row-2\">\n\t<td class=\"column-1\">24.11. \u2013 29.11.2026<\/td><td class=\"column-2\">Kontiolahti<\/td><td class=\"column-3\">Finlandia<\/td><td class=\"column-4\">Individuale, Staffetta mista, Staffetta mista singola &amp; Sprint<\/td>\n<\/tr>\n<tr class=\"row-3\">\n\t<td class=\"column-1\">01.12. \u2013 06.12.2026<\/td><td class=\"column-2\"><a href=\"https:\/\/www.snowtrex.it\/austria\/hochfilzen\/settimana-bianca.html\" target=\"_blank\" rel=\"noopener\">Hochfilzen<\/a><\/td><td class=\"column-3\"><a href=\"https:\/\/www.snowtrex.it\/austria\/settimana_bianca.html\" target=\"_blank\" rel=\"noopener\">Austria<\/a><\/td><td class=\"column-4\">Sprint, Staffetta &amp; Inseguimento<\/td>\n<\/tr>\n<tr class=\"row-4\">\n\t<td class=\"column-1\">08.12. \u2013 13.12.2026<\/td><td class=\"column-2\">Annecy-Le Grand Bornand<\/td><td class=\"column-3\"><a href=\"https:\/\/www.snowtrex.it\/francia\/settimana_bianca.html\" target=\"_blank\" rel=\"noopener\">Francia<\/a><\/td><td class=\"column-4\">Partenza in massa, Sprint &amp; Inseguimento<\/td>\n<\/tr>\n<tr class=\"row-5\">\n\t<td class=\"column-1\">31.12.2026 \u2013 03.01.2027<\/td><td class=\"column-2\">Pokljuka<\/td><td class=\"column-3\">Slovenia<\/td><td class=\"column-4\">Sprint &amp; Staffetta<\/td>\n<\/tr>\n<tr class=\"row-6\">\n\t<td class=\"column-1\">05.01. \u2013 10.01.2027<\/td><td class=\"column-2\">Ruhpolding<\/td><td class=\"column-3\"><a href=\"https:\/\/www.snowtrex.it\/germania\/settimana_bianca.html\" target=\"_blank\" rel=\"noopener\">Germania<\/a><\/td><td class=\"column-4\">Sprint, Staffetta &amp; Inseguimento<\/td>\n<\/tr>\n<tr class=\"row-7\">\n\t<td class=\"column-1\">12.01. \u2013 17.01.2027<\/td><td class=\"column-2\"><a href=\"https:\/\/www.snowtrex.it\/italia\/anterselva\/settimana-bianca.html\" target=\"_blank\" rel=\"noopener\">Antholz<\/a><\/td><td class=\"column-3\"><a href=\"https:\/\/www.snowtrex.it\/italia\/settimana_bianca.html\" target=\"_blank\" rel=\"noopener\">Italia<\/a><\/td><td class=\"column-4\">Individuale, Partenza in massa, Staffetta mista &amp; Staffetta mista singola<\/td>\n<\/tr>\n<tr class=\"row-8\">\n\t<td class=\"column-1\">19.01. \u2013 24.01.2027<\/td><td class=\"column-2\">Nove Mesto<\/td><td class=\"column-3\"><a href=\"https:\/\/www.snowtrex.it\/repubblica_ceca\/settimana_bianca.html\" target=\"_blank\" rel=\"noopener\">Repubblica Ceca<\/a><\/td><td class=\"column-4\">Partenza in massa, Sprint &amp; Staffetta<\/td>\n<\/tr>\n<tr class=\"row-9\">\n\t<td class=\"column-1\">08.02. \u2013 21.02.2027 (Campionati mondiali di biathlon)<\/td><td class=\"column-2\">Otep\u00e4\u00e4<\/td><td class=\"column-3\">Estonia<\/td><td class=\"column-4\">Individuale, Partenza in massa, Staffetta mista, Staffetta mista singola, Sprint, Staffetta &amp; Inseguimento<\/td>\n<\/tr>\n<tr class=\"row-10\">\n\t<td class=\"column-1\">02.03. \u2013 07.03.2027<\/td><td class=\"column-2\"><a href=\"https:\/\/www.snowtrex.it\/germania\/oberhof\/settimana-bianca.html\" target=\"_blank\" rel=\"noopener\">Oberhof<\/a><\/td><td class=\"column-3\"><a href=\"https:\/\/www.snowtrex.it\/germania\/settimana_bianca.html\" target=\"_blank\" rel=\"noopener\">Germania<\/a><\/td><td class=\"column-4\">Sprint, Staffetta &amp; Inseguimento<\/td>\n<\/tr>\n<tr class=\"row-11\">\n\t<td class=\"column-1\">09.03. \u2013 14.03.2027<\/td><td class=\"column-2\">\u00d6stersund<\/td><td class=\"column-3\">Svezia<\/td><td class=\"column-4\">Individuale, Partenza in massa, Staffetta mista &amp; Staffetta mista singola<\/td>\n<\/tr>\n<tr class=\"row-12\">\n\t<td class=\"column-1\">16.03. \u2013 21.03.2027<\/td><td class=\"column-2\">Oslo<\/td><td class=\"column-3\">Norvegia<\/td><td class=\"column-4\">Partenza in massa, Sprint &amp; Inseguimento<\/td>\n<\/tr>\n<\/tbody>\n<\/table>\n<!-- #tablepress-43 from cache -->\n<h2 id=\"dettagli-sulle-singole-sedi-della-coppa-del-mondo\">Dettagli sulle singole sedi della Coppa del Mondo<\/h2>\n<h3>Dal 24 al 29 novembre: Kontiolahti (Finlandia)<\/h3>\n<p>Per l&#8217;inizio della \u201cCoppa del Mondo di biathlon IBU\u201d 2026\/2027, gli atleti tornano in Scandinavia, precisamente a Kontiolahti, in Finlandia. Da marted\u00ec a domenica si disputeranno l\u00ec sei gare. Il programma prevede inizialmente una gara individuale e una sprint sia per le donne che per gli uomini, prima che si disputino una staffetta mista e una staffetta mista singola sulla pista da sci e al poligono di tiro.<\/p>\n<h3>Dal 1\u00b0 al 6 dicembre: Hochfilzen (Austria)<\/h3>\n<p><a href=\"https:\/\/www.snowtrex.it\/austria\/hochfilzen\/settimana-bianca.html\" target=\"_blank\" rel=\"noopener\">Hochfilzen<\/a> \u00e8 sede ogni anno di una gara di Coppa del Mondo di biathlon dalla stagione 2003\/2004 e ha ospitato i Campionati del Mondo di biathlon 2017, in cui la leggenda del biathlon tedesca Laura Dahlmeier, tragicamente scomparsa, ha vinto cinque medaglie d\u2019oro. E cos\u00ec, anche nella stagione 2026\/2027, i migliori biatleti del mondo torneranno per una Coppa del Mondo nella pittoresca Pillerseetal. Qui li attendono due sprint e due inseguimenti, oltre a due staffette.<\/p>\n<div class=\"tt-post-image-wrapper tt-post-image-wrapper-full\">\n            <div class=\"tt-image-copyright-container\">\n                <a href=\"https:\/\/www.snowtrex.it\/magazine\/files\/2019\/10\/RS26529_shutterstock_1307616763-scr.jpg\" target=\"_blank\" rel=\"noopener\"><img loading=\"lazy\" decoding=\"async\" data-wrapped=\"true\" class=\"wp-image-55170 size-Artikelbild_gro\u00df\" title=\"La tappa di Coppa del Mondo a Hochfilzen, in Austria, \u00e8 considerata dai biatleti una delle pi\u00f9 amate in assoluto.\" src=\"https:\/\/www.snowtrex.it\/magazine\/files\/2019\/10\/RS26529_shutterstock_1307616763-scr-729x486.jpg\" alt=\"La tappa di Coppa del Mondo a Hochfilzen, in Austria, \u00e8 considerata dai biatleti una delle pi\u00f9 amate in assoluto.\" width=\"729\" height=\"486\" srcset=\"https:\/\/www.snowtrex.it\/magazine\/files\/2019\/10\/RS26529_shutterstock_1307616763-scr-729x486.jpg 729w, https:\/\/www.snowtrex.it\/magazine\/files\/2019\/10\/RS26529_shutterstock_1307616763-scr-290x193.jpg 290w, https:\/\/www.snowtrex.it\/magazine\/files\/2019\/10\/RS26529_shutterstock_1307616763-scr-728x485.jpg 728w, https:\/\/www.snowtrex.it\/magazine\/files\/2019\/10\/RS26529_shutterstock_1307616763-scr-768x512.jpg 768w, https:\/\/www.snowtrex.it\/magazine\/files\/2019\/10\/RS26529_shutterstock_1307616763-scr-468x312.jpg 468w, https:\/\/www.snowtrex.it\/magazine\/files\/2019\/10\/RS26529_shutterstock_1307616763-scr-300x200.jpg 300w, https:\/\/www.snowtrex.it\/magazine\/files\/2019\/10\/RS26529_shutterstock_1307616763-scr-999x666.jpg 999w, https:\/\/www.snowtrex.it\/magazine\/files\/2019\/10\/RS26529_shutterstock_1307616763-scr-645x430.jpg 645w, https:\/\/www.snowtrex.it\/magazine\/files\/2019\/10\/RS26529_shutterstock_1307616763-scr-552x368.jpg 552w, https:\/\/www.snowtrex.it\/magazine\/files\/2019\/10\/RS26529_shutterstock_1307616763-scr-405x270.jpg 405w, https:\/\/www.snowtrex.it\/magazine\/files\/2019\/10\/RS26529_shutterstock_1307616763-scr-336x224.jpg 336w, https:\/\/www.snowtrex.it\/magazine\/files\/2019\/10\/RS26529_shutterstock_1307616763-scr-276x184.jpg 276w, https:\/\/www.snowtrex.it\/magazine\/files\/2019\/10\/RS26529_shutterstock_1307616763-scr-234x156.jpg 234w, https:\/\/www.snowtrex.it\/magazine\/files\/2019\/10\/RS26529_shutterstock_1307616763-scr-192x128.jpg 192w, https:\/\/www.snowtrex.it\/magazine\/files\/2019\/10\/RS26529_shutterstock_1307616763-scr-120x80.jpg 120w, https:\/\/www.snowtrex.it\/magazine\/files\/2019\/10\/RS26529_shutterstock_1307616763-scr.jpg 1440w\" sizes=\"(min-width: 1009px) 729px, (min-width: 819px) 594px, (min-width: 569px) 729px, (min-width: 449px) 468px, 348px\" \/><\/a><div class=\"tt-image-copyright\" data-image-id=\"55170\">\u00a9 Julia_Sadykova\/Shutterstock<\/div>\n            <\/div>\n            <div class=\"tt-post-caption\">La tappa di Coppa del Mondo a Hochfilzen, in Austria, \u00e8 considerata dai biatleti una delle pi\u00f9 amate in assoluto.<\/div>\n         <\/div > \n<p><em>\u2192 Assicurati subito momenti indimenticabili sulle piste da sci di fondo a <a href=\"https:\/\/www.snowtrex.it\/ricerca_avanzata.html?#destinationId=18630&amp;destinationUuId=4028815c95bbe8f3019623dc551131ae&amp;destination=Hochfilzen\" target=\"_blank\" rel=\"noopener\">Hochfilzen<\/a> con SnowTrex<\/em><\/p>\n<h3>Dall&#8217;8 al 13 dicembre: Le Grand-Bornand (Francia)<\/h3>\n<p>Per il terzo anno consecutivo, le gare a Le Grand-Bornand, in Francia, fanno parte della Coppa del Mondo di biathlon dell&#8217;inverno 2026\/2027. In questo paesino nel dipartimento dell&#8217;Alta Savoia si disputeranno, oltre a due sprint e due inseguimenti, anche due partenze in massa.<\/p>\n<h3>Dal 31 dicembre al 3 gennaio: Pokljuka (Slovenia)<\/h3>\n<p>Dopo un anno di pausa, tornano le gare della Coppa del Mondo di biathlon a Pokljuka, un altopiano in Slovenia. I migliori biatleti del mondo, tra cui diversi campioni del mondo, campioni olimpici e vincitori della Coppa del Mondo generale, si sfideranno qui in una gara sprint sia femminile che maschile e in due staffette.<\/p>\n<h3>Dal 5 al 10 gennaio: Ruhpolding (Germania)<\/h3>\n<p>A Ruhpolding, in Baviera, dal 5 al 10 gennaio 2027 si terr\u00e0 la prima Coppa del Mondo di biathlon della stagione sul suolo tedesco. Gli atleti si sfideranno qui nelle discipline sprint e inseguimento. Prima dei due eventi, per\u00f2, si disputeranno anche una staffetta 4\u00d76 km femminile e una staffetta 4\u00d77,5 km maschile.<\/p>\n<h3>Dal 12 al 17 gennaio: Anterselva (Italia)<\/h3>\n<p>Dalla prima Coppa del Mondo di biathlon nella stagione 1977\/1978, non si \u00e8 mai svolta una gara di Coppa del Mondo ad <a href=\"https:\/\/www.snowtrex.it\/italia\/anterselva\/settimana-bianca.html\" target=\"_blank\" rel=\"noopener\">Anterselva<\/a>, in Italia, per due anni consecutivi. E dopo che nel 2026 in <a href=\"https:\/\/www.snowtrex.it\/temi-vacanze\/alto-adige.html\" target=\"_blank\" rel=\"noopener\">Alto Adige<\/a> si terranno le gare di biathlon dei Giochi <a href=\"https:\/\/www.snowtrex.it\/magazine\/evento\/olimpiadi-invernali\/\" target=\"_blank\" rel=\"noopener\">Olimpici Invernali<\/a> di Milano e <a href=\"https:\/\/www.snowtrex.it\/italia\/cortina_dampezzo\/area-sci.html\" target=\"_blank\" rel=\"noopener\">Cortina d&#8217;Ampezzo<\/a>, nella stagione successiva il \u201cnormale\u201d circo della Coppa del Mondo torner\u00e0 a oltre 1.600 m di altitudine nell&#8217;arena alla fine della valle di Anterselva. Le discipline in programma sono due gare individuali, due gare con partenza in massa, una staffetta mista e una staffetta mista singola.<\/p>\n<div class=\"tt-post-image-wrapper tt-post-image-wrapper-full\">\n            <div class=\"tt-image-copyright-container\">\n                <a href=\"https:\/\/www.snowtrex.it\/magazine\/files\/2023\/01\/RS26527_shutterstock_1214333131-scr.jpg\" target=\"_blank\" rel=\"noopener\"><img loading=\"lazy\" decoding=\"async\" data-wrapped=\"true\" class=\"wp-image-54933 size-Artikelbild_gro\u00df\" title=\"Nessuno stadio di biathlon della Coppa del Mondo si trova a un'altitudine maggiore di quello di Anterselva. E nel 2027 l'entusiasmo dei tifosi torner\u00e0 a essere grande quando, dopo i Giochi Olimpici invernali del 2026, il \u201cnormale\u201d circuito del biathlon torner\u00e0 a 1.600 metri di altitudine.\" src=\"https:\/\/www.snowtrex.it\/magazine\/files\/2023\/01\/RS26527_shutterstock_1214333131-scr-729x486.jpg\" alt=\"Nessuno stadio di biathlon della Coppa del Mondo si trova a un'altitudine maggiore di quello di Anterselva. E nel 2027 l'entusiasmo dei tifosi torner\u00e0 a essere grande quando, dopo i Giochi Olimpici invernali del 2026, il \u201cnormale\u201d circuito del biathlon torner\u00e0 a 1.600 metri di altitudine.\" width=\"729\" height=\"486\" srcset=\"https:\/\/www.snowtrex.it\/magazine\/files\/2023\/01\/RS26527_shutterstock_1214333131-scr-729x486.jpg 729w, https:\/\/www.snowtrex.it\/magazine\/files\/2023\/01\/RS26527_shutterstock_1214333131-scr-468x312.jpg 468w, https:\/\/www.snowtrex.it\/magazine\/files\/2023\/01\/RS26527_shutterstock_1214333131-scr-300x200.jpg 300w, https:\/\/www.snowtrex.it\/magazine\/files\/2023\/01\/RS26527_shutterstock_1214333131-scr-999x666.jpg 999w, https:\/\/www.snowtrex.it\/magazine\/files\/2023\/01\/RS26527_shutterstock_1214333131-scr-645x430.jpg 645w, https:\/\/www.snowtrex.it\/magazine\/files\/2023\/01\/RS26527_shutterstock_1214333131-scr-552x368.jpg 552w, https:\/\/www.snowtrex.it\/magazine\/files\/2023\/01\/RS26527_shutterstock_1214333131-scr-405x270.jpg 405w, https:\/\/www.snowtrex.it\/magazine\/files\/2023\/01\/RS26527_shutterstock_1214333131-scr-336x224.jpg 336w, https:\/\/www.snowtrex.it\/magazine\/files\/2023\/01\/RS26527_shutterstock_1214333131-scr-276x184.jpg 276w, https:\/\/www.snowtrex.it\/magazine\/files\/2023\/01\/RS26527_shutterstock_1214333131-scr-234x156.jpg 234w, https:\/\/www.snowtrex.it\/magazine\/files\/2023\/01\/RS26527_shutterstock_1214333131-scr-192x128.jpg 192w, https:\/\/www.snowtrex.it\/magazine\/files\/2023\/01\/RS26527_shutterstock_1214333131-scr-120x80.jpg 120w\" sizes=\"(min-width: 1009px) 729px, (min-width: 819px) 594px, (min-width: 569px) 729px, (min-width: 449px) 468px, 348px\" \/><\/a><div class=\"tt-image-copyright\" data-image-id=\"54933\">\u00a9 Julia_Sadykova\/Shutterstock<\/div>\n            <\/div>\n            <div class=\"tt-post-caption\">Nessuno stadio di biathlon della Coppa del Mondo si trova a un&#8217;altitudine maggiore di quello di Anterselva. E nel 2027 l&#8217;entusiasmo dei tifosi torner\u00e0 a essere grande quando, dopo i Giochi Olimpici invernali del 2026, il \u201cnormale\u201d circuito del biathlon torner\u00e0 a 1.600 metri di altitudine.<\/div>\n         <\/div > \n<p><em>\u2192 Organizza una vacanza sulle Alpi e scopri le migliori <a href=\"https:\/\/www.snowtrex.it\/ricerca_avanzata.html?#destinationId=26789&amp;destinationUuId=&amp;destination=Hotel%20Antholzerhof\" target=\"_blank\" rel=\"noopener\">offerte per Anterselva<\/a> su SnowTrex<\/em><\/p>\n<h3>Dal 19 al 24 gennaio: Nove Mesto (Repubblica Ceca)<\/h3>\n<p>Tre anni dopo i Campionati mondiali di biathlon del 2024, anche nel 2027 si terr\u00e0 una Coppa del Mondo a Nove Mesto, in Repubblica Ceca. Il programma prevede due gare sprint, due gare con partenza in massa e due staffette in tecnica classica.<\/p>\n<h3>Dall&#8217;8 al 21 febbraio: Otep\u00e4\u00e4 (Estonia)<\/h3>\n<p>Il momento clou della stagione di Coppa del Mondo di biathlon 2026\/2027 si svolger\u00e0 in Estonia. Otep\u00e4\u00e4 ospiter\u00e0 cos\u00ec per la prima volta in assoluto un Campionato del Mondo di biathlon! E poich\u00e9 tutte le gare qui valgono punti per la Coppa del Mondo, i professionisti, vista l\u2019assenza dei Giochi Olimpici nel calendario, dovrebbero impegnarsi il doppio sulle piste dei Paesi Baltici. E questo \u00e8 necessario, perch\u00e9 tra due settimane qui si disputeranno tutte le <em>discipline<\/em> che il biathlon moderno ha da offrire. Per i biatleti e le biatlete ci\u00f2 significa: due sprint, due inseguimenti, due individuali, due partenze in massa, due staffette, oltre a una staffetta mista e una staffetta mista singola!<\/p>\n<h3>Dal 2 al 7 marzo: Oberhof (Germania)<\/h3>\n<p>Quattro anni dopo i grandi Campionati del Mondo in casa del 2023, non sono solo gli atleti tedeschi a tornare alla tradizionale Coppa del Mondo di <a href=\"https:\/\/www.snowtrex.it\/germania\/oberhof\/settimana-bianca.html\" target=\"_blank\" rel=\"noopener\">Oberhof<\/a>. Infatti, il weekend di gare sul famoso Rennsteig nella Foresta della Turingia comprende tre veri e propri classici del biathlon. Sulle piste da fondo e al poligono di tiro, i biatleti potranno mettersi alla prova in una gara sprint, un inseguimento e una staffetta.<\/p>\n<p><em>\u2192 Scopri ora le <a href=\"https:\/\/www.snowtrex.it\/ricerca_avanzata.html?#destinationId=13605&amp;destinationUuId=4028815c9670032a01969fe326aa229c&amp;destination=Oberhof\" target=\"_blank\" rel=\"noopener\">offerte per Oberhof<\/a> su SnowTrex<\/em><\/p>\n<h3>Dal 9 al 14 marzo: \u00d6stersund (Svezia)<\/h3>\n<p>Il tradizionale inizio di stagione a \u00d6stersund \u00e8 ormai storia, a causa della modifica del calendario delle gare della Coppa del Mondo di biathlon 2026\/2027, e cos\u00ec gli atleti torneranno in Svezia solo verso la fine della stagione. In sei giorni, a circa 500 km a nord di Stoccolma, si svolgeranno in totale sei gare. Il programma prevede per i biatleti, oltre a una staffetta mista e una staffetta mista singola, anche due gare individuali e due partenze in massa.<\/p>\n<h3>Dal 16 al 21 marzo: Oslo (Norvegia)<\/h3>\n<p>I professionisti del biathlon concludono la stagione 2026\/2027, come spesso accade, al leggendario Holmenkollen di Oslo. Dopo che le stelle della Coppa del Mondo hanno potuto affrontare per oltre quattro mesi alcune delle piste da fondo pi\u00f9 belle del continente, sono in programma altre sei gare sui difficili percorsi a strapiombo sulla capitale norvegese. In programma ci sono due sprint (7,5 km per le donne e 10 km per gli uomini), due inseguimenti (10 km per le donne e 12,5 km per gli uomini) e due partenze in massa (12,5 km per le donne e 15 km per gli uomini).<\/p>\n<div class=\"lyte-wrapper\" title=\"Biathlon, But Make It Cinematic \ud83c\udfac | The Beauty of Biathlon - Season 2025\/2026\" style=\"width:853px;max-width:100%;margin:5px auto;\"><div class=\"lyMe\" id=\"WYL_y2wtIti78q4\" itemprop=\"video\" itemscope itemtype=\"https:\/\/schema.org\/VideoObject\"><div><meta itemprop=\"thumbnailUrl\" content=\"https:\/\/www.snowtrex.it\/magazine\/wp-content\/plugins\/wp-youtube-lyte\/lyteCache.php?origThumbUrl=https%3A%2F%2Fi.ytimg.com%2Fvi%2Fy2wtIti78q4%2Fhqdefault.jpg\" \/><meta itemprop=\"embedURL\" content=\"https:\/\/www.youtube.com\/embed\/y2wtIti78q4\" \/><meta itemprop=\"duration\" content=\"PT3M1S\" \/><meta itemprop=\"uploadDate\" content=\"2026-03-28T19:00:06Z\" \/><\/div><div id=\"lyte_y2wtIti78q4\" data-src=\"https:\/\/www.snowtrex.it\/magazine\/wp-content\/plugins\/wp-youtube-lyte\/lyteCache.php?origThumbUrl=https%3A%2F%2Fi.ytimg.com%2Fvi%2Fy2wtIti78q4%2Fhqdefault.jpg\" class=\"pL\"><div class=\"tC\"><div class=\"tT\" itemprop=\"name\">Biathlon, But Make It Cinematic \ud83c\udfac | The Beauty of Biathlon - Season 2025\/2026<\/div><\/div><div class=\"play\"><\/div><div class=\"ctrl\"><div class=\"Lctrl\"><\/div><div class=\"Rctrl\"><\/div><\/div><\/div><noscript><a href=\"http:\/\/youtu.be\/y2wtIti78q4\" rel=\"nofollow\"><img loading=\"lazy\" decoding=\"async\" src=\"https:\/\/www.snowtrex.it\/magazine\/wp-content\/plugins\/wp-youtube-lyte\/lyteCache.php?origThumbUrl=http%3A%2F%2Fi.ytimg.com%2Fvi%2Fy2wtIti78q4%2F0.jpg\" alt=\"Biathlon, But Make It Cinematic \ud83c\udfac | The Beauty of Biathlon - Season 2025\/2026\" width=\"853\" height=\"460\" \/><br \/>Guarda questo video su YouTube<\/a><\/noscript><meta itemprop=\"description\" content=\"Biathlon\u2026 but it&#039;s a cinematic music video\ud83c\udfac to the notes of &quot;Be The Unstoppable&quot; by David John Parsons and Simon Robin Brown. This is a different way to experience the BMW IBU World Cup season \u2014 through its most beautiful, intense, and emotional moments. From dramatic race action to quiet scenes under the floodlights, from snowfall to roaring crowds, this is the sport beyond results. A music-driven journey through the rhythm of skiing and shooting, the passion of the fans, and the unique atmosphere that makes biathlon so special. _________________________ \ud83c\udfaf Biathlon \u2013 Combining heart-pounding cross-country skiing with sharp rifle shooting, it\u2019s all about endurance, precision, and pure adrenaline. From dramatic sprints to nail-biting relays, every competition is packed with unforgettable moments that\u2019ll keep you on the edge of your seat. \ud83c\udfa5 Welcome to the official International Biathlon Union (IBU) YouTube channel \u2013 your go-to hub for all things biathlon on this platform! Here, you&#039;ll find thrilling competition highlights, interviews, behind-the-scenes access, inspiring athlete stories, and plenty of fun content you won\u2019t want to miss. Whether you\u2019re a die-hard fan or new to the sport, this is where biathlon truly comes to life. \ud83d\udd25 Join the community and experience the magic of our beloved winter sport all season long! Follow us on our various platforms for even more action and updates: \ud83c\udf7f Watch biathlon live: https:\/\/bit.ly\/Watch_Biathlon_live \ud83d\udcf8 Instagram: @biathlonworld \ud83d\udc26 Twitter: @biathlonworld \ud83d\udcd8 Facebook: @biathlonworld \ud83c\udfb6 TikTok: @biathlonworld \ud83c\udf10 Website: www.biathlonworld.com _____________ #biathlon #sport #winter #biathlonfamily #beauty #musicvideo #cinematic\"><\/div><\/div><div class=\"lL\" style=\"max-width:100%;width:853px;margin:5px auto;\"><br\/><span class=\"lyte_disclaimer\">Please also note that by using our services and integrating the YouTube API Services, the <a href=\"https:\/\/www.youtube.com\/t\/terms\">YouTube Terms of Service<\/a> and the <a href=\"https:\/\/developers.google.com\/youtube\/terms\/api-services-terms-of-service-emea\">YouTube API Services Terms<\/a> apply and your use of our website is deemed to be acceptance of these terms.<\/span><\/div><\/p>\n<p><strong>Vuole saperne di pi\u00f9 sul biathlon? Clicchi qui per conoscere <a href=\"https:\/\/www.snowtrex.it\/magazine\/top-10\/biathlon\/\" target=\"_blank\" rel=\"noopener\">10 fatti sul biathlon<\/a>.<\/strong><\/p>\n<h2 id=\"faq-sulla-coppa-del-mondo-di-biathlon\">FAQ sulla Coppa del Mondo di Biathlon<\/h2>\n<h3>Quando inizia la Coppa del Mondo di biathlon 2026\/2027?<\/h3>\n<p>La Coppa del Mondo di biathlon 2026\/2027 avr\u00e0 inizio dal 24 al 29 novembre 2026 a Kontiolahti, in Finlandia, dando cos\u00ec il via alla nuova stagione con le prime gare internazionali.<\/p>\n<h3>Quante tappe ci sono nella Coppa del Mondo di biathlon 2026\/2027?<\/h3>\n<p>Con un totale di undici tappe, la Coppa del Mondo di biathlon 2026\/2027 \u00e8 una delle stagioni pi\u00f9 complete, poich\u00e9 non ci sono interruzioni dovute ai Giochi Olimpici invernali.<\/p>\n<h3>Quando si terranno le gare dei Campionati mondiali di biathlon 2027?<\/h3>\n<p>I Campionati mondiali di biathlon 2027 si terranno dall&#8217;8 al 21 febbraio 2027 a Otep\u00e4\u00e4, in Estonia. Sono considerati il momento clou della stagione, in cui si disputano tutte le discipline.<\/p>\n<h3>Dove si svolger\u00e0 la finale della Coppa del Mondo di biathlon 2026\/2027?<\/h3>\n<p>La finale della Coppa del Mondo di biathlon 2026\/2027 si svolger\u00e0 a marzo all&#8217;Holmenkollen di Oslo. Nelle ultime gare si determineranno i vincitori della classifica generale della Coppa del Mondo.<\/p>\n<h3>Ci saranno tappe della Coppa del Mondo di biathlon 2026\/2027 in Germania?<\/h3>\n<p>La Coppa del Mondo di biathlon 2026\/2027 far\u00e0 tappa due volte in Germania: a gennaio a Ruhpolding e all&#8217;inizio di marzo a Oberhof.<\/p>\n<h3>Da quando esiste la Coppa del Mondo di biathlon?<\/h3>\n<p>La Coppa del Mondo di biathlon \u00e8 la pi\u00f9 importante serie di competizioni internazionali, alla quale partecipano anche le donne dal 1987.<\/p>\n<h3>Dove viene trasmessa in TV la Coppa del Mondo di biathlon?<\/h3>\n<p>In Germania, la Coppa del Mondo di biathlon viene trasmessa in diretta da ARD e ZDF, oltre che da Eurosport, ed \u00e8 disponibile anche tramite i rispettivi servizi di streaming.<\/p>\n<h3>A quanto ammontano i premi in denaro della Coppa del Mondo di biathlon?<\/h3>\n<p>La vittoria nella classifica generale della Coppa del Mondo di biathlon \u00e8 premiata con 40.000 euro, mentre la vittoria in una singola gara frutta circa 15.000 euro.<\/p>\n","protected":false},"excerpt":{"rendered":"<p>Ogni anno, gli appassionati di sport invernali guardano con interesse le gare della BMW IBU World Cup Biathlon, dove si sfidano i migliori atleti del biathlon. I fan del biathlon di tutto il mondo seguono gli atleti mentre dimostrano le loro abilit\u00e0 nello sci di fondo e nel tiro a segno. SnowTrex ha ricercato e presenta le Coppe del Mondo di biathlon per la stagione 2026\/2027.<\/p>\n","protected":false},"author":177,"featured_media":59450,"comment_status":"closed","ping_status":"closed","sticky":false,"template":"","format":"standard","meta":{"footnotes":""},"categories":[111],"tags":[595,667,589,632,263,592,215,633,609,634,611,635],"class_list":["post-48413","post","type-post","status-publish","format-standard","has-post-thumbnail","hentry","category-evento","tag-alto-adige","tag-anterselva","tag-austria","tag-germania","tag-hochfilzen","tag-italia","tag-oberhof","tag-pillerseetal","tag-plan_de_corones","tag-selva-di-turingia","tag-tirolo","tag-turingia"],"yoast_head":"<!-- This site is optimized with the Yoast SEO Premium plugin v27.3 (Yoast SEO v27.3) - https:\/\/yoast.com\/product\/yoast-seo-premium-wordpress\/ -->\n<title>Coppa del Mondo di biathlon: tutte le gare e le date 2026\/2027<\/title>\n<meta name=\"description\" content=\"Non perdetevi mai una gara di biathlon! SnowTrex presenta tutte le date delle gare della BMW IBU Biathlon World Cup 2026\/2027 in un colpo d&#039;occhio.\" \/>\n<meta name=\"robots\" content=\"index, follow, max-snippet:-1, max-image-preview:large, max-video-preview:-1\" \/>\n<link rel=\"canonical\" href=\"https:\/\/www.snowtrex.it\/magazine\/evento\/coppa-del-mondo-di-biathlon\/\" \/>\n<meta property=\"og:locale\" content=\"it_IT\" \/>\n<meta property=\"og:type\" content=\"article\" \/>\n<meta property=\"og:title\" content=\"Coppa del Mondo di biathlon 2026\/2027: Tutte le gare in sintesi\" \/>\n<meta property=\"og:description\" content=\"Ogni anno, gli appassionati di sport invernali guardano con interesse le gare della BMW IBU World Cup Biathlon, dove si sfidano i migliori atleti del biathlon. I fan del biathlon di tutto il mondo seguono gli atleti mentre dimostrano le loro abilit\u00e0 nello sci di fondo e nel tiro a segno. SnowTrex ha ricercato e presenta le Coppe del Mondo di biathlon per la stagione 2026\/2027.\" \/>\n<meta property=\"og:url\" content=\"https:\/\/www.snowtrex.it\/magazine\/evento\/coppa-del-mondo-di-biathlon\/\" \/>\n<meta property=\"og:site_name\" content=\"SnowTrex sci magazine\" \/>\n<meta property=\"article:publisher\" content=\"https:\/\/www.facebook.com\/SnowTrex.de\/\" \/>\n<meta property=\"article:author\" content=\"https:\/\/www.facebook.com\/snowtrex\/\" \/>\n<meta property=\"article:published_time\" content=\"2026-03-30T23:00:00+00:00\" \/>\n<meta property=\"article:modified_time\" content=\"2026-03-31T10:00:44+00:00\" \/>\n<meta property=\"og:image\" content=\"https:\/\/www.snowtrex.it\/magazine\/files\/2023\/07\/RS27176_shutterstock_2262860651-hsc.jpg\" \/>\n\t<meta property=\"og:image:width\" content=\"1920\" \/>\n\t<meta property=\"og:image:height\" content=\"1280\" \/>\n\t<meta property=\"og:image:type\" content=\"image\/jpeg\" \/>\n<meta name=\"author\" content=\"SnowTrex\" \/>\n<meta name=\"twitter:label1\" content=\"Scritto da\" \/>\n\t<meta name=\"twitter:data1\" content=\"SnowTrex\" \/>\n\t<meta name=\"twitter:label2\" content=\"Tempo di lettura stimato\" \/>\n\t<meta name=\"twitter:data2\" content=\"10 minuti\" \/>\n<script type=\"application\/ld+json\" class=\"yoast-schema-graph\">{\"@context\":\"https:\\\/\\\/schema.org\",\"@graph\":[{\"@type\":\"Article\",\"@id\":\"http:\\\/\\\/wp-magazin.snowtrex.it\\\/evento\\\/coppa-del-mondo-di-biathlon\\\/#article\",\"isPartOf\":{\"@id\":\"http:\\\/\\\/wp-magazin.snowtrex.it\\\/evento\\\/coppa-del-mondo-di-biathlon\\\/\"},\"author\":{\"name\":\"SnowTrex\",\"@id\":\"http:\\\/\\\/wp-magazin.snowtrex.it\\\/#\\\/schema\\\/person\\\/e140a9a8784c1a85bba71d877c97f50f\"},\"headline\":\"Coppa del Mondo di biathlon 2026\\\/2027: Tutte le gare in sintesi\",\"datePublished\":\"2026-03-30T23:00:00+00:00\",\"dateModified\":\"2026-03-31T10:00:44+00:00\",\"mainEntityOfPage\":{\"@id\":\"http:\\\/\\\/wp-magazin.snowtrex.it\\\/evento\\\/coppa-del-mondo-di-biathlon\\\/\"},\"wordCount\":1583,\"publisher\":{\"@id\":\"http:\\\/\\\/wp-magazin.snowtrex.it\\\/#organization\"},\"image\":{\"@id\":\"http:\\\/\\\/wp-magazin.snowtrex.it\\\/evento\\\/coppa-del-mondo-di-biathlon\\\/#primaryimage\"},\"thumbnailUrl\":\"http:\\\/\\\/wp-magazin.snowtrex.it\\\/files\\\/2023\\\/07\\\/RS27176_shutterstock_2262860651-hsc.jpg\",\"keywords\":[\"Alto Adige\",\"Anterselva\",\"Austria\",\"Germania\",\"Hochfilzen\",\"Italia\",\"Oberhof\",\"Pillerseetal\",\"Plan de Corones\",\"Selva di Turingia\",\"Tirolo\",\"Turingia\"],\"articleSection\":[\"Evento\"],\"inLanguage\":\"it-IT\"},{\"@type\":\"WebPage\",\"@id\":\"http:\\\/\\\/wp-magazin.snowtrex.it\\\/evento\\\/coppa-del-mondo-di-biathlon\\\/\",\"url\":\"http:\\\/\\\/wp-magazin.snowtrex.it\\\/evento\\\/coppa-del-mondo-di-biathlon\\\/\",\"name\":\"Coppa del Mondo di biathlon: tutte le gare e le date 2026\\\/2027\",\"primaryImageOfPage\":{\"@id\":\"http:\\\/\\\/wp-magazin.snowtrex.it\\\/evento\\\/coppa-del-mondo-di-biathlon\\\/#primaryimage\"},\"image\":{\"@id\":\"http:\\\/\\\/wp-magazin.snowtrex.it\\\/evento\\\/coppa-del-mondo-di-biathlon\\\/#primaryimage\"},\"thumbnailUrl\":\"http:\\\/\\\/wp-magazin.snowtrex.it\\\/files\\\/2023\\\/07\\\/RS27176_shutterstock_2262860651-hsc.jpg\",\"datePublished\":\"2026-03-30T23:00:00+00:00\",\"dateModified\":\"2026-03-31T10:00:44+00:00\",\"description\":\"Non perdetevi mai una gara di biathlon! SnowTrex presenta tutte le date delle gare della BMW IBU Biathlon World Cup 2026\\\/2027 in un colpo d'occhio.\",\"inLanguage\":\"it-IT\"},{\"@type\":\"ImageObject\",\"inLanguage\":\"it-IT\",\"@id\":\"http:\\\/\\\/wp-magazin.snowtrex.it\\\/evento\\\/coppa-del-mondo-di-biathlon\\\/#primaryimage\",\"url\":\"http:\\\/\\\/wp-magazin.snowtrex.it\\\/files\\\/2023\\\/07\\\/RS27176_shutterstock_2262860651-hsc.jpg\",\"contentUrl\":\"http:\\\/\\\/wp-magazin.snowtrex.it\\\/files\\\/2023\\\/07\\\/RS27176_shutterstock_2262860651-hsc.jpg\",\"width\":1920,\"height\":1280,\"caption\":\"Quelle: Shutterstock (Standard Lizenz); Frei (RED) + \u00a9\"},{\"@type\":\"WebSite\",\"@id\":\"http:\\\/\\\/wp-magazin.snowtrex.it\\\/#website\",\"url\":\"http:\\\/\\\/wp-magazin.snowtrex.it\\\/\",\"name\":\"SnowTrex sci magazine\",\"description\":\"Tutto su sci, snowboard e vacanze invernali!\",\"publisher\":{\"@id\":\"http:\\\/\\\/wp-magazin.snowtrex.it\\\/#organization\"},\"inLanguage\":\"it-IT\"},{\"@type\":\"Organization\",\"@id\":\"http:\\\/\\\/wp-magazin.snowtrex.it\\\/#organization\",\"name\":\"TravelTrex GmbH\",\"url\":\"http:\\\/\\\/wp-magazin.snowtrex.it\\\/\",\"logo\":{\"@type\":\"ImageObject\",\"inLanguage\":\"it-IT\",\"@id\":\"http:\\\/\\\/wp-magazin.snowtrex.it\\\/#\\\/schema\\\/logo\\\/image\\\/\",\"url\":\"\",\"contentUrl\":\"\",\"caption\":\"TravelTrex GmbH\"},\"image\":{\"@id\":\"http:\\\/\\\/wp-magazin.snowtrex.it\\\/#\\\/schema\\\/logo\\\/image\\\/\"},\"sameAs\":[\"https:\\\/\\\/www.facebook.com\\\/SnowTrex.de\\\/\",\"https:\\\/\\\/www.instagram.com\\\/snowtrex_ski\\\/\"],\"description\":\"Dal 1999 SnowTrex \u00e8 il tour operator leader in Germania per le vacanze sulla neve. L'azienda commercializza le sue offerte in 13 lingue e ogni anno porta oltre 100.000 ospiti in destinazioni popolari come Austria, Francia, Italia, Svizzera e Germania.\",\"email\":\"info-it@snowtrex.com\",\"telephone\":\"800 684382\",\"legalName\":\"TravelTrex GmbH\",\"foundingDate\":\"1999-07-01\",\"vatID\":\"DE 813 076 768\",\"numberOfEmployees\":{\"@type\":\"QuantitativeValue\",\"minValue\":\"51\",\"maxValue\":\"200\"}},{\"@type\":\"Person\",\"@id\":\"http:\\\/\\\/wp-magazin.snowtrex.it\\\/#\\\/schema\\\/person\\\/e140a9a8784c1a85bba71d877c97f50f\",\"name\":\"SnowTrex\",\"description\":\"La redazione della rivista SnowTrex riunisce esperti di sport invernali e viaggiatori che mettono la loro passione in articoli approfonditi su comprensori sciistici, attrezzature e consigli di viaggio. Dal 1999 SnowTrex \u00e8 il tour operator leader in Germania per le vacanze sulla neve. L'azienda commercializza le sue offerte in 13 lingue e ogni anno porta oltre 100.000 ospiti in destinazioni popolari come Austria, Francia, Italia, Svizzera e Germania.\",\"sameAs\":[\"https:\\\/\\\/www.snowtrex.it\\\/\",\"https:\\\/\\\/www.facebook.com\\\/snowtrex\\\/\",\"https:\\\/\\\/www.instagram.com\\\/snowtrex_ski\\\/\",\"https:\\\/\\\/www.youtube.com\\\/c\\\/SnowTrex\"]}]}<\/script>\n<!-- \/ Yoast SEO Premium plugin. -->","yoast_head_json":{"title":"Coppa del Mondo di biathlon: tutte le gare e le date 2026\/2027","description":"Non perdetevi mai una gara di biathlon! SnowTrex presenta tutte le date delle gare della BMW IBU Biathlon World Cup 2026\/2027 in un colpo d'occhio.","robots":{"index":"index","follow":"follow","max-snippet":"max-snippet:-1","max-image-preview":"max-image-preview:large","max-video-preview":"max-video-preview:-1"},"canonical":"https:\/\/www.snowtrex.it\/magazine\/evento\/coppa-del-mondo-di-biathlon\/","og_locale":"it_IT","og_type":"article","og_title":"Coppa del Mondo di biathlon 2026\/2027: Tutte le gare in sintesi","og_description":"Ogni anno, gli appassionati di sport invernali guardano con interesse le gare della BMW IBU World Cup Biathlon, dove si sfidano i migliori atleti del biathlon. I fan del biathlon di tutto il mondo seguono gli atleti mentre dimostrano le loro abilit\u00e0 nello sci di fondo e nel tiro a segno. SnowTrex ha ricercato e presenta le Coppe del Mondo di biathlon per la stagione 2026\/2027.","og_url":"https:\/\/www.snowtrex.it\/magazine\/evento\/coppa-del-mondo-di-biathlon\/","og_site_name":"SnowTrex sci magazine","article_publisher":"https:\/\/www.facebook.com\/SnowTrex.de\/","article_author":"https:\/\/www.facebook.com\/snowtrex\/","article_published_time":"2026-03-30T23:00:00+00:00","article_modified_time":"2026-03-31T10:00:44+00:00","og_image":[{"width":1920,"height":1280,"url":"https:\/\/www.snowtrex.it\/magazine\/files\/2023\/07\/RS27176_shutterstock_2262860651-hsc.jpg","type":"image\/jpeg"}],"author":"SnowTrex","twitter_misc":{"Scritto da":"SnowTrex","Tempo di lettura stimato":"10 minuti"},"schema":{"@context":"https:\/\/schema.org","@graph":[{"@type":"Article","@id":"https:\/\/www.snowtrex.it\/magazine\/evento\/coppa-del-mondo-di-biathlon\/#article","isPartOf":{"@id":"https:\/\/www.snowtrex.it\/magazine\/evento\/coppa-del-mondo-di-biathlon\/"},"author":{"name":"SnowTrex","@id":"https:\/\/www.snowtrex.it\/magazine\/#\/schema\/person\/e140a9a8784c1a85bba71d877c97f50f"},"headline":"Coppa del Mondo di biathlon 2026\/2027: Tutte le gare in sintesi","datePublished":"2026-03-30T23:00:00+00:00","dateModified":"2026-03-31T10:00:44+00:00","mainEntityOfPage":{"@id":"https:\/\/www.snowtrex.it\/magazine\/evento\/coppa-del-mondo-di-biathlon\/"},"wordCount":1583,"publisher":{"@id":"https:\/\/www.snowtrex.it\/magazine\/#organization"},"image":{"@id":"https:\/\/www.snowtrex.it\/magazine\/evento\/coppa-del-mondo-di-biathlon\/#primaryimage"},"thumbnailUrl":"https:\/\/www.snowtrex.it\/magazine\/files\/2023\/07\/RS27176_shutterstock_2262860651-hsc.jpg","keywords":["Alto Adige","Anterselva","Austria","Germania","Hochfilzen","Italia","Oberhof","Pillerseetal","Plan de Corones","Selva di Turingia","Tirolo","Turingia"],"articleSection":["Evento"],"inLanguage":"it-IT"},{"@type":"WebPage","@id":"https:\/\/www.snowtrex.it\/magazine\/evento\/coppa-del-mondo-di-biathlon\/","url":"https:\/\/www.snowtrex.it\/magazine\/evento\/coppa-del-mondo-di-biathlon\/","name":"Coppa del Mondo di biathlon: tutte le gare e le date 2026\/2027","primaryImageOfPage":{"@id":"https:\/\/www.snowtrex.it\/magazine\/evento\/coppa-del-mondo-di-biathlon\/#primaryimage"},"image":{"@id":"https:\/\/www.snowtrex.it\/magazine\/evento\/coppa-del-mondo-di-biathlon\/#primaryimage"},"thumbnailUrl":"https:\/\/www.snowtrex.it\/magazine\/files\/2023\/07\/RS27176_shutterstock_2262860651-hsc.jpg","datePublished":"2026-03-30T23:00:00+00:00","dateModified":"2026-03-31T10:00:44+00:00","description":"Non perdetevi mai una gara di biathlon! SnowTrex presenta tutte le date delle gare della BMW IBU Biathlon World Cup 2026\/2027 in un colpo d'occhio.","inLanguage":"it-IT"},{"@type":"ImageObject","inLanguage":"it-IT","@id":"https:\/\/www.snowtrex.it\/magazine\/evento\/coppa-del-mondo-di-biathlon\/#primaryimage","url":"https:\/\/www.snowtrex.it\/magazine\/files\/2023\/07\/RS27176_shutterstock_2262860651-hsc.jpg","contentUrl":"https:\/\/www.snowtrex.it\/magazine\/files\/2023\/07\/RS27176_shutterstock_2262860651-hsc.jpg","width":1920,"height":1280,"caption":"Quelle: Shutterstock (Standard Lizenz); Frei (RED) + \u00a9"},{"@type":"WebSite","@id":"https:\/\/www.snowtrex.it\/magazine\/#website","url":"https:\/\/www.snowtrex.it\/magazine\/","name":"SnowTrex sci magazine","description":"Tutto su sci, snowboard e vacanze invernali!","publisher":{"@id":"https:\/\/www.snowtrex.it\/magazine\/#organization"},"inLanguage":"it-IT"},{"@type":"Organization","@id":"https:\/\/www.snowtrex.it\/magazine\/#organization","name":"TravelTrex GmbH","url":"https:\/\/www.snowtrex.it\/magazine\/","logo":{"@type":"ImageObject","inLanguage":"it-IT","@id":"https:\/\/www.snowtrex.it\/magazine\/#\/schema\/logo\/image\/","url":"","contentUrl":"","caption":"TravelTrex GmbH"},"image":{"@id":"https:\/\/www.snowtrex.it\/magazine\/#\/schema\/logo\/image\/"},"sameAs":["https:\/\/www.facebook.com\/SnowTrex.de\/","https:\/\/www.instagram.com\/snowtrex_ski\/"],"description":"Dal 1999 SnowTrex \u00e8 il tour operator leader in Germania per le vacanze sulla neve. L'azienda commercializza le sue offerte in 13 lingue e ogni anno porta oltre 100.000 ospiti in destinazioni popolari come Austria, Francia, Italia, Svizzera e Germania.","email":"info-it@snowtrex.com","telephone":"800 684382","legalName":"TravelTrex GmbH","foundingDate":"1999-07-01","vatID":"DE 813 076 768","numberOfEmployees":{"@type":"QuantitativeValue","minValue":"51","maxValue":"200"}},{"@type":"Person","@id":"https:\/\/www.snowtrex.it\/magazine\/#\/schema\/person\/e140a9a8784c1a85bba71d877c97f50f","name":"SnowTrex","description":"La redazione della rivista SnowTrex riunisce esperti di sport invernali e viaggiatori che mettono la loro passione in articoli approfonditi su comprensori sciistici, attrezzature e consigli di viaggio. Dal 1999 SnowTrex \u00e8 il tour operator leader in Germania per le vacanze sulla neve. L'azienda commercializza le sue offerte in 13 lingue e ogni anno porta oltre 100.000 ospiti in destinazioni popolari come Austria, Francia, Italia, Svizzera e Germania.","sameAs":["https:\/\/www.snowtrex.it\/","https:\/\/www.facebook.com\/snowtrex\/","https:\/\/www.instagram.com\/snowtrex_ski\/","https:\/\/www.youtube.com\/c\/SnowTrex"]}]}},"wp-worthy-pixel":{"ignored":false,"public":null,"server":null,"url":null},"wp-worthy-type":"normal","_links":{"self":[{"href":"https:\/\/www.snowtrex.it\/magazine\/wp-json\/wp\/v2\/posts\/48413","targetHints":{"allow":["GET"]}}],"collection":[{"href":"https:\/\/www.snowtrex.it\/magazine\/wp-json\/wp\/v2\/posts"}],"about":[{"href":"https:\/\/www.snowtrex.it\/magazine\/wp-json\/wp\/v2\/types\/post"}],"author":[{"embeddable":true,"href":"https:\/\/www.snowtrex.it\/magazine\/wp-json\/wp\/v2\/users\/177"}],"replies":[{"embeddable":true,"href":"https:\/\/www.snowtrex.it\/magazine\/wp-json\/wp\/v2\/comments?post=48413"}],"version-history":[{"count":23,"href":"https:\/\/www.snowtrex.it\/magazine\/wp-json\/wp\/v2\/posts\/48413\/revisions"}],"predecessor-version":[{"id":63565,"href":"https:\/\/www.snowtrex.it\/magazine\/wp-json\/wp\/v2\/posts\/48413\/revisions\/63565"}],"wp:featuredmedia":[{"embeddable":true,"href":"https:\/\/www.snowtrex.it\/magazine\/wp-json\/wp\/v2\/media\/59450"}],"wp:attachment":[{"href":"https:\/\/www.snowtrex.it\/magazine\/wp-json\/wp\/v2\/media?parent=48413"}],"wp:term":[{"taxonomy":"category","embeddable":true,"href":"https:\/\/www.snowtrex.it\/magazine\/wp-json\/wp\/v2\/categories?post=48413"},{"taxonomy":"post_tag","embeddable":true,"href":"https:\/\/www.snowtrex.it\/magazine\/wp-json\/wp\/v2\/tags?post=48413"}],"curies":[{"name":"wp","href":"https:\/\/api.w.org\/{rel}","templated":true}]}}